{"id":582,"date":"2017-10-06T15:56:01","date_gmt":"2017-10-06T13:56:01","guid":{"rendered":"http:\/\/bip.tu.kielce.pl\/?p=582"},"modified":"2017-12-15T15:10:00","modified_gmt":"2017-12-15T14:10:00","slug":"otwarcie-16-10-2017-dostawa-czasopism-krajowych-w-2018-roku","status":"publish","type":"post","link":"https:\/\/bip-arch.tu.kielce.pl\/?p=582","title":{"rendered":"Otwarcie 30-10-2017 &#8211; Dostawa czasopism krajowych w 2018 roku"},"content":{"rendered":"<p><a href=\"http:\/\/bip.tu.kielce.pl\/wp-content\/uploads\/2017\/10\/https___bzp.uzp_.gov_.pl_ZP400PodgladOpublikowanego-1.pdf\"><strong>Og\u0142oszenie UZP<\/strong><\/a><\/p>\n<p><strong><a style=\"text-decoration-line: underline;\" href=\"http:\/\/bip.tu.kielce.pl\/wp-content\/uploads\/2017\/10\/kraj.pdf\">Og\u0142oszenie<\/a><\/strong><\/p>\n<p><strong><a style=\"text-decoration-line: underline;\" href=\"http:\/\/bip.tu.kielce.pl\/wp-content\/uploads\/2017\/10\/SIWZ-1.pdf\">SIWZ<\/a><\/strong><\/p>\n<ul>\n<li><a style=\"text-decoration-line: underline;\" href=\"http:\/\/bip.tu.kielce.pl\/wp-content\/uploads\/2017\/10\/za\u0142\u0105cznik-nr-1-7.pdf\">Za\u0142\u0105cznik nr 1-7\u00a0<\/a><\/li>\n<li><a href=\"http:\/\/bip.tu.kielce.pl\/wp-content\/uploads\/2017\/10\/za\u0142\u0105cznik-nr-1-7.docx\">Za\u0142\u0105cznik nr 1-7 do SIWZ- wersja edytowalna<\/a><\/li>\n<li><a href=\"http:\/\/bip.tu.kielce.pl\/wp-content\/uploads\/2017\/10\/zal_8_oferta.pdf\">Za\u0142\u0105cznik nr 8 do SIWZ<\/a><\/li>\n<li><a href=\"http:\/\/bip.tu.kielce.pl\/wp-content\/uploads\/2017\/10\/zal_8_oferta.docx\">Za\u0142\u0105cznik nr 8 do SIWZ &#8211; wersja edytowalna<\/a><\/li>\n<li><a href=\"http:\/\/bip.tu.kielce.pl\/wp-content\/uploads\/2017\/10\/zal_9_os_spe\u0142_warunki.pdf\">Za\u0142\u0105cznik nr 9 do SIWZ<\/a><\/li>\n<li><a href=\"http:\/\/bip.tu.kielce.pl\/wp-content\/uploads\/2017\/10\/zal_9_os_spe\u0142_warunki.docx\">Za\u0142\u0105cznik nr 9 do SIWZ &#8211; wersja edytowalna<\/a><\/li>\n<li><a style=\"text-decoration-line: underline;\" href=\"http:\/\/bip.tu.kielce.pl\/wp-content\/uploads\/2017\/10\/zal_10_os_przesl_wykl.pdf\">Za\u0142\u0105cznik nr 10 do SIWZ<\/a><\/li>\n<li><a href=\"http:\/\/bip.tu.kielce.pl\/wp-content\/uploads\/2017\/10\/zal_10_os_przesl_wykl.docx\">Za\u0142\u0105cznik nr 10 do SIWZ &#8211; wersja edytowalna<\/a><\/li>\n<li><a style=\"text-decoration-line: underline;\" href=\"http:\/\/bip.tu.kielce.pl\/wp-content\/uploads\/2017\/10\/zal_11_umowa.pdf\">Za\u0142\u0105cznik 11 do SIWZ<\/a><\/li>\n<li><a style=\"text-decoration-line: underline;\" href=\"http:\/\/bip.tu.kielce.pl\/wp-content\/uploads\/2017\/10\/zal_12_wyk_dostaw.pdf\">Za\u0142\u0105cznik nr 12 do SIWZ<\/a><\/li>\n<li><a href=\"http:\/\/bip.tu.kielce.pl\/wp-content\/uploads\/2017\/10\/zal_13_gr_kapit.pdf\">Za\u0142\u0105cznik nr 13 do SIWZ<\/a><\/li>\n<\/ul>\n<p><a href=\"http:\/\/bip.tu.kielce.pl\/wp-content\/uploads\/2017\/10\/zmiana-siwz.pdf\"><strong>Zmiana SIWZ<\/strong><\/a><\/p>\n<p><strong><a href=\"http:\/\/bip.tu.kielce.pl\/wp-content\/uploads\/2017\/10\/Og\u0142oszenie-o-zmianie-og\u0142oszenia.pdf\">Og\u0142oszenie o zmianie og\u0142oszenia<\/a><\/strong><\/p>\n<p><strong><a href=\"http:\/\/bip.tu.kielce.pl\/wp-content\/uploads\/2017\/10\/odpowiedzi-zmiana-SIWZ.pdf\">Odpowiedzi, zmiana SIWZ<\/a><\/strong><\/p>\n<ul>\n<li><a href=\"http:\/\/bip.tu.kielce.pl\/wp-content\/uploads\/2017\/10\/za\u0142\u0105cznik-nr-1-po-zmianie.docx\">za\u0142\u0105cznik nr 1 po zmianie<\/a><\/li>\n<li><a href=\"http:\/\/bip.tu.kielce.pl\/wp-content\/uploads\/2017\/10\/zal_11_umowa.po-zmianie.pdf\">za\u0142\u0105cznik nr 11 umowa po zmianie<\/a><\/li>\n<\/ul>\n<p>Opublikowano: 31.10.2017r.<\/p>\n<p><strong><a href=\"http:\/\/bip.tu.kielce.pl\/wp-content\/uploads\/2017\/10\/Zestawienie-ofert-ATZ-21.pdf\">Informacja z otwarcia ofert<\/a><\/strong><\/p>\n<p>Opublikowano: 17.11.2017r.<\/p>\n<p><strong><a href=\"http:\/\/bip.tu.kielce.pl\/wp-content\/uploads\/2017\/11\/wynik.pdf\">Informacja o rozstrzygni\u0119ciu post\u0119powania<\/a><\/strong><\/p>\n<p>&nbsp;<\/p>\n","protected":false},"excerpt":{"rendered":"<p>Og\u0142oszenie UZP Og\u0142oszenie SIWZ Za\u0142\u0105cznik nr 1-7\u00a0 Za\u0142\u0105cznik nr 1-7 do SIWZ- wersja edytowalna Za\u0142\u0105cznik nr 8 do SIWZ Za\u0142\u0105cznik nr 8 do SIWZ &#8211; wersja edytowalna Za\u0142\u0105cznik nr 9 do SIWZ Za\u0142\u0105cznik nr 9 do SIWZ &#8211; wersja edytowalna &hellip; <a href=\"https:\/\/bip-arch.tu.kielce.pl\/?p=582\">Czytaj dalej <span class=\"meta-nav\">&rarr;<\/span><\/a><\/p>\n","protected":false},"author":14,"featured_media":0,"comment_status":"closed","ping_status":"closed","sticky":false,"template":"","format":"standard","meta":{"_acf_changed":false,"footnotes":""},"categories":[9],"tags":[],"class_list":["post-582","post","type-post","status-publish","format-standard","hentry","category-zamkniete"],"acf":[],"publishpress_future_action":{"enabled":false,"date":"2026-05-04 09:12:31","action":"change-status","newStatus":"draft","terms":[],"taxonomy":"category"},"publishpress_future_workflow_manual_trigger":{"enabledWorkflows":[]},"_links":{"self":[{"href":"https:\/\/bip-arch.tu.kielce.pl\/index.php?rest_route=\/wp\/v2\/posts\/582","targetHints":{"allow":["GET"]}}],"collection":[{"href":"https:\/\/bip-arch.tu.kielce.pl\/index.php?rest_route=\/wp\/v2\/posts"}],"about":[{"href":"https:\/\/bip-arch.tu.kielce.pl\/index.php?rest_route=\/wp\/v2\/types\/post"}],"author":[{"embeddable":true,"href":"https:\/\/bip-arch.tu.kielce.pl\/index.php?rest_route=\/wp\/v2\/users\/14"}],"replies":[{"embeddable":true,"href":"https:\/\/bip-arch.tu.kielce.pl\/index.php?rest_route=%2Fwp%2Fv2%2Fcomments&post=582"}],"version-history":[{"count":0,"href":"https:\/\/bip-arch.tu.kielce.pl\/index.php?rest_route=\/wp\/v2\/posts\/582\/revisions"}],"wp:attachment":[{"href":"https:\/\/bip-arch.tu.kielce.pl\/index.php?rest_route=%2Fwp%2Fv2%2Fmedia&parent=582"}],"wp:term":[{"taxonomy":"category","embeddable":true,"href":"https:\/\/bip-arch.tu.kielce.pl\/index.php?rest_route=%2Fwp%2Fv2%2Fcategories&post=582"},{"taxonomy":"post_tag","embeddable":true,"href":"https:\/\/bip-arch.tu.kielce.pl\/index.php?rest_route=%2Fwp%2Fv2%2Ftags&post=582"}],"curies":[{"name":"wp","href":"https:\/\/api.w.org\/{rel}","templated":true}]}}