{"id":4089,"date":"2019-06-06T17:02:46","date_gmt":"2019-06-06T15:02:46","guid":{"rendered":"https:\/\/bip.tu.kielce.pl\/?p=4089"},"modified":"2019-07-03T13:32:07","modified_gmt":"2019-07-03T11:32:07","slug":"otwarcie-14-06-2019-usluga-ubezpieczenia-interesow-majatkowych-i-odpowiedzialnosci-cywilnej-politechniki-swietokrzyskiej","status":"publish","type":"post","link":"https:\/\/bip-arch.tu.kielce.pl\/?p=4089","title":{"rendered":"Otwarcie 24.06.2019 Us\u0142uga ubezpieczenia interes\u00f3w maj\u0105tkowych  i odpowiedzialno\u015bci cywilnej Politechniki \u015awi\u0119tokrzyskiej"},"content":{"rendered":"<p><a href=\"https:\/\/bip.tu.kielce.pl\/wp-content\/uploads\/2019\/06\/Og\u0142oszenie.pdf\">Og\u0142oszenie<\/a><\/p>\n<p><a href=\"https:\/\/bip.tu.kielce.pl\/wp-content\/uploads\/2019\/06\/SIWZ.pdf\">SIWZ<\/a><\/p>\n<ul>\n<li><a href=\"https:\/\/bip.tu.kielce.pl\/wp-content\/uploads\/2019\/06\/Za\u0142.-nr-1-do-SIWZ-OPZ.pdf\">Za\u0142\u0105cznik nr 1 do SIWZ<\/a><\/li>\n<li><a href=\"https:\/\/bip.tu.kielce.pl\/wp-content\/uploads\/2019\/06\/Za\u0142.-nr-2-do-SIWZ-formularz-ofertowy.doc\">Za\u0142\u0105cznik nr 2 do SIWZ<\/a><\/li>\n<li><a href=\"https:\/\/bip.tu.kielce.pl\/wp-content\/uploads\/2019\/06\/Za\u0142.-nr-3-o\u015bwiadczenie-dot.-wykluczenia.doc\">Za\u0142\u0105cznik nr 3 do SIWZ<\/a><\/li>\n<li><a href=\"https:\/\/bip.tu.kielce.pl\/wp-content\/uploads\/2019\/06\/za\u0142.-nr-4-o\u015bwiadczenie-dot.-spe\u0142nienia-warunk\u00f3w.doc\">Za\u0142\u0105cznik nr 4 do SIWZ<\/a><\/li>\n<li><a href=\"https:\/\/bip.tu.kielce.pl\/wp-content\/uploads\/2019\/06\/za\u0142.-nr-5-o\u015bwiadczenie-dot.-przynalezno\u015bci-do-gr.-kapita\u0142owej.doc\">Za\u0142\u0105cznik nr 5 do SIWZ<\/a><\/li>\n<li><a href=\"https:\/\/bip.tu.kielce.pl\/wp-content\/uploads\/2019\/06\/Za\u0142\u0105cznik-nr-6-do-SIWZ.pdf\">Za\u0142\u0105cznik nr 6 do SIWZ<\/a><\/li>\n<li><a href=\"https:\/\/bip.tu.kielce.pl\/wp-content\/uploads\/2019\/06\/za\u0142.-nr-7-umowa.pdf\">Za\u0142\u0105cznik nr 7 do SIWZ<\/a><\/li>\n<li><a href=\"https:\/\/bip.tu.kielce.pl\/wp-content\/uploads\/2019\/06\/Kopia-Za\u0142\u0105cznik-nr-8-wykaz-budynk\u00f3w-i-budowli.pdf\">Za\u0142\u0105cznik nr 8 do SIWZ<\/a><\/li>\n<li><a href=\"https:\/\/bip.tu.kielce.pl\/wp-content\/uploads\/2019\/06\/Za\u0142.-nr-9-za\u015bwiadczenie-o-szkodowo\u015bci.pdf\">Za\u0142\u0105cznik nr 9 do SIWZ<\/a><\/li>\n<\/ul>\n<p>Opublikowano: 12.06.2019 r.<\/p>\n<p><strong><a href=\"https:\/\/bip.tu.kielce.pl\/wp-content\/uploads\/2019\/06\/Odpowiedzi.pdf\">Odpowiedzi<\/a><\/strong><\/p>\n<ul>\n<li><a href=\"https:\/\/bip.tu.kielce.pl\/wp-content\/uploads\/2019\/06\/Za\u0142.-nr-2-do-SIWZ-po-zmianie.doc\">Za\u0142. nr 2 do SIWZ po zmianie<\/a><\/li>\n<\/ul>\n<p><strong><a href=\"https:\/\/bip.tu.kielce.pl\/wp-content\/uploads\/2019\/06\/og\u0142oszenie-o-zmianie.pdf\">Og\u0142oszenie o zmianie og\u0142oszenia UZP<\/a><\/strong><\/p>\n<p>Opublikowano: 19.06.2019 r.<\/p>\n<p><strong><a href=\"https:\/\/bip.tu.kielce.pl\/wp-content\/uploads\/2019\/06\/odpowiedzi-2.pdf\">Odpowiedzi 2<\/a><\/strong><\/p>\n<p>Opublikowano 24.06.2019r.<\/p>\n<p><strong><a href=\"https:\/\/bip.tu.kielce.pl\/wp-content\/uploads\/2019\/06\/Informacja-z-otwarcia-ofert.pdf\">Informacja z otwarcia ofert<\/a><\/strong><\/p>\n<p>Opublikowano 03.07.2019r.<\/p>\n<p><strong><a href=\"https:\/\/bip.tu.kielce.pl\/wp-content\/uploads\/2019\/06\/wynik.pdf\">Informacja o wyborze najkorzystniejszej oferty\u00a0<\/a><\/strong><\/p>\n<p>&nbsp;<\/p>\n<p>&nbsp;<\/p>\n","protected":false},"excerpt":{"rendered":"<p>Og\u0142oszenie SIWZ Za\u0142\u0105cznik nr 1 do SIWZ Za\u0142\u0105cznik nr 2 do SIWZ Za\u0142\u0105cznik nr 3 do SIWZ Za\u0142\u0105cznik nr 4 do SIWZ Za\u0142\u0105cznik nr 5 do SIWZ Za\u0142\u0105cznik nr 6 do SIWZ Za\u0142\u0105cznik nr 7 do SIWZ Za\u0142\u0105cznik nr 8 &hellip; <a href=\"https:\/\/bip-arch.tu.kielce.pl\/?p=4089\">Czytaj dalej <span class=\"meta-nav\">&rarr;<\/span><\/a><\/p>\n","protected":false},"author":14,"featured_media":0,"comment_status":"closed","ping_status":"closed","sticky":false,"template":"","format":"standard","meta":{"_acf_changed":false,"footnotes":""},"categories":[8],"tags":[],"class_list":["post-4089","post","type-post","status-publish","format-standard","hentry","category-otwarte"],"acf":[],"publishpress_future_action":{"enabled":false,"date":"2026-05-06 17:48:43","action":"change-status","newStatus":"draft","terms":[],"taxonomy":"category"},"publishpress_future_workflow_manual_trigger":{"enabledWorkflows":[]},"_links":{"self":[{"href":"https:\/\/bip-arch.tu.kielce.pl\/index.php?rest_route=\/wp\/v2\/posts\/4089","targetHints":{"allow":["GET"]}}],"collection":[{"href":"https:\/\/bip-arch.tu.kielce.pl\/index.php?rest_route=\/wp\/v2\/posts"}],"about":[{"href":"https:\/\/bip-arch.tu.kielce.pl\/index.php?rest_route=\/wp\/v2\/types\/post"}],"author":[{"embeddable":true,"href":"https:\/\/bip-arch.tu.kielce.pl\/index.php?rest_route=\/wp\/v2\/users\/14"}],"replies":[{"embeddable":true,"href":"https:\/\/bip-arch.tu.kielce.pl\/index.php?rest_route=%2Fwp%2Fv2%2Fcomments&post=4089"}],"version-history":[{"count":0,"href":"https:\/\/bip-arch.tu.kielce.pl\/index.php?rest_route=\/wp\/v2\/posts\/4089\/revisions"}],"wp:attachment":[{"href":"https:\/\/bip-arch.tu.kielce.pl\/index.php?rest_route=%2Fwp%2Fv2%2Fmedia&parent=4089"}],"wp:term":[{"taxonomy":"category","embeddable":true,"href":"https:\/\/bip-arch.tu.kielce.pl\/index.php?rest_route=%2Fwp%2Fv2%2Fcategories&post=4089"},{"taxonomy":"post_tag","embeddable":true,"href":"https:\/\/bip-arch.tu.kielce.pl\/index.php?rest_route=%2Fwp%2Fv2%2Ftags&post=4089"}],"curies":[{"name":"wp","href":"https:\/\/api.w.org\/{rel}","templated":true}]}}