{"id":3577,"date":"2019-04-04T15:27:35","date_gmt":"2019-04-04T13:27:35","guid":{"rendered":"https:\/\/bip.tu.kielce.pl\/?p=3577"},"modified":"2019-04-12T13:29:36","modified_gmt":"2019-04-12T11:29:36","slug":"otwarcie-12-04-2019-r-usluga-przeprowadzenia-warsztatow-szkoleniowych-z-zakresu-tworzenia-dokumentacji-fotogrametrycznej-obiektow-z-wykorzystaniem-dronow-dla-politechniki-swietokrzyskiej-w-ramach-p","status":"publish","type":"post","link":"https:\/\/bip-arch.tu.kielce.pl\/?p=3577","title":{"rendered":"Otwarcie 12.04.2019 r. &#8211; Us\u0142uga przeprowadzenia warsztat\u00f3w szkoleniowych z zakresu tworzenia dokumentacji fotogrametrycznej obiekt\u00f3w z wykorzystaniem dron\u00f3w dla Politechniki \u015awi\u0119tokrzyskiej w ramach Projektu nr POWR.03.05.00-00.Z202\/17 \u201ePolitechnika \u015awi\u0119tokrzyska nowoczesn\u0105 uczelni\u0105 w europejskiej przestrzeni gospodarczej\u201d, w ramach Programu Operacyjnego Wiedza Edukacja Rozw\u00f3j 2014-2020 wsp\u00f3\u0142finansowanego ze \u015brodk\u00f3w Europejskiego Funduszu Spo\u0142ecznego"},"content":{"rendered":"<p><strong><a href=\"https:\/\/bip.tu.kielce.pl\/wp-content\/uploads\/2019\/04\/og\u0142.tab_.pdf\">Og\u0142oszenie<\/a><\/strong><\/p>\n<p><strong><a href=\"https:\/\/bip.tu.kielce.pl\/wp-content\/uploads\/2019\/04\/ZP400PodgladOpublikowanego.pdf\">Og\u0142oszenie UZP<\/a><\/strong><\/p>\n<p><strong><a href=\"https:\/\/bip.tu.kielce.pl\/wp-content\/uploads\/2019\/04\/SIWZ-1.pdf\">SIWZ<\/a><\/strong><\/p>\n<ul>\n<li><a href=\"https:\/\/bip.tu.kielce.pl\/wp-content\/uploads\/2019\/04\/Zal_1_Opis-przedmiotu.pdf\">Za\u0142\u0105cznik nr 1 do SIWZ<\/a><\/li>\n<li><a href=\"https:\/\/bip.tu.kielce.pl\/wp-content\/uploads\/2019\/04\/zal_2-ofert.pdf\">Za\u0142\u0105cznik nr 2 do SIWZ<\/a><\/li>\n<li><a href=\"https:\/\/bip.tu.kielce.pl\/wp-content\/uploads\/2019\/04\/zal_2-ofert.docx\">Za\u0142\u0105cznik nr 2 do SIWZ &#8211; wersja edytowalna<\/a><\/li>\n<li><a href=\"https:\/\/bip.tu.kielce.pl\/wp-content\/uploads\/2019\/04\/zal_3_umowa.pdf\">Za\u0142\u0105cznik nr 3 do SIWZ<\/a><\/li>\n<li><a href=\"https:\/\/bip.tu.kielce.pl\/wp-content\/uploads\/2019\/04\/zal_4_os_spe\u0142_warunki.pdf\">Za\u0142\u0105cznik nr 4 do SIWZ<\/a><\/li>\n<li><a href=\"https:\/\/bip.tu.kielce.pl\/wp-content\/uploads\/2019\/04\/zal_5_os_przesl_wykl.pdf\">Za\u0142\u0105cznik nr 5 do SIWZ<\/a><\/li>\n<li><a href=\"https:\/\/bip.tu.kielce.pl\/wp-content\/uploads\/2019\/04\/zal_6_wyk_us\u0142ug.pdf\">Za\u0142\u0105cznik nr 6 do SIWZ<\/a><\/li>\n<li><a href=\"https:\/\/bip.tu.kielce.pl\/wp-content\/uploads\/2019\/04\/zal_6_wyk_us\u0142ug.docx\">Za\u0142\u0105cznik nr 6 do SIWZ &#8211; wersja edytowalna<\/a><\/li>\n<li><a href=\"https:\/\/bip.tu.kielce.pl\/wp-content\/uploads\/2019\/04\/zal_7_grupa_kapita\u0142owa.pdf\">Za\u0142\u0105cznik nr 7 do SIWZ<\/a><\/li>\n<li><a href=\"https:\/\/bip.tu.kielce.pl\/wp-content\/uploads\/2019\/04\/zal_8_RODO.pdf\">Za\u0142\u0105cznik nr 8 do SIWZ<\/a><\/li>\n<li><a href=\"https:\/\/bip.tu.kielce.pl\/wp-content\/uploads\/2019\/04\/zal_9_wykaz_os\u00f3b.pdf\">Za\u0142\u0105cznik nr 9 do SIWZ<\/a><\/li>\n<li><a href=\"https:\/\/bip.tu.kielce.pl\/wp-content\/uploads\/2019\/04\/zal_9_wykaz_os\u00f3b.docx\">Za\u0142\u0105cznik nr 9 do SIWZ &#8211; wersja edytowalna<\/a><\/li>\n<\/ul>\n<p>opublikowano: 12.04.2019 r.<\/p>\n<p><strong><a href=\"https:\/\/bip.tu.kielce.pl\/wp-content\/uploads\/2019\/04\/Informacja-z-otwarcia.pdf\">Informacja z otwarcia ofert<\/a><\/strong><\/p>\n","protected":false},"excerpt":{"rendered":"<p>Og\u0142oszenie Og\u0142oszenie UZP SIWZ Za\u0142\u0105cznik nr 1 do SIWZ Za\u0142\u0105cznik nr 2 do SIWZ Za\u0142\u0105cznik nr 2 do SIWZ &#8211; wersja edytowalna Za\u0142\u0105cznik nr 3 do SIWZ Za\u0142\u0105cznik nr 4 do SIWZ Za\u0142\u0105cznik nr 5 do SIWZ Za\u0142\u0105cznik nr 6 &hellip; <a href=\"https:\/\/bip-arch.tu.kielce.pl\/?p=3577\">Czytaj dalej <span class=\"meta-nav\">&rarr;<\/span><\/a><\/p>\n","protected":false},"author":6,"featured_media":0,"comment_status":"closed","ping_status":"closed","sticky":false,"template":"","format":"standard","meta":{"_acf_changed":false,"footnotes":""},"categories":[8],"tags":[],"class_list":["post-3577","post","type-post","status-publish","format-standard","hentry","category-otwarte"],"acf":[],"publishpress_future_action":{"enabled":false,"date":"2026-05-04 09:12:30","action":"change-status","newStatus":"draft","terms":[],"taxonomy":"category"},"publishpress_future_workflow_manual_trigger":{"enabledWorkflows":[]},"_links":{"self":[{"href":"https:\/\/bip-arch.tu.kielce.pl\/index.php?rest_route=\/wp\/v2\/posts\/3577","targetHints":{"allow":["GET"]}}],"collection":[{"href":"https:\/\/bip-arch.tu.kielce.pl\/index.php?rest_route=\/wp\/v2\/posts"}],"about":[{"href":"https:\/\/bip-arch.tu.kielce.pl\/index.php?rest_route=\/wp\/v2\/types\/post"}],"author":[{"embeddable":true,"href":"https:\/\/bip-arch.tu.kielce.pl\/index.php?rest_route=\/wp\/v2\/users\/6"}],"replies":[{"embeddable":true,"href":"https:\/\/bip-arch.tu.kielce.pl\/index.php?rest_route=%2Fwp%2Fv2%2Fcomments&post=3577"}],"version-history":[{"count":0,"href":"https:\/\/bip-arch.tu.kielce.pl\/index.php?rest_route=\/wp\/v2\/posts\/3577\/revisions"}],"wp:attachment":[{"href":"https:\/\/bip-arch.tu.kielce.pl\/index.php?rest_route=%2Fwp%2Fv2%2Fmedia&parent=3577"}],"wp:term":[{"taxonomy":"category","embeddable":true,"href":"https:\/\/bip-arch.tu.kielce.pl\/index.php?rest_route=%2Fwp%2Fv2%2Fcategories&post=3577"},{"taxonomy":"post_tag","embeddable":true,"href":"https:\/\/bip-arch.tu.kielce.pl\/index.php?rest_route=%2Fwp%2Fv2%2Ftags&post=3577"}],"curies":[{"name":"wp","href":"https:\/\/api.w.org\/{rel}","templated":true}]}}