{"id":3335,"date":"2019-02-28T13:08:48","date_gmt":"2019-02-28T12:08:48","guid":{"rendered":"https:\/\/bip.tu.kielce.pl\/?p=3335"},"modified":"2019-03-26T13:18:57","modified_gmt":"2019-03-26T12:18:57","slug":"otwarcie-15-03-2019r-dostawa-komory-do-badania-karbonatyzacji-betonu-dla-politechniki-swietokrzyskiej-w-ramach-realizacji-programu-ministra-nauki-i-szkolnictwa-wyzszego-rid-finansowaneg","status":"publish","type":"post","link":"https:\/\/bip-arch.tu.kielce.pl\/?p=3335","title":{"rendered":"Otwarcie 15-03-2019r. &#8211; Dostawa komory do badania karbonatyzacji betonu dla Politechniki \u015awi\u0119tokrzyskiej &#8211; w ramach realizacji Programu Ministra Nauki i Szkolnictwa Wy\u017cszego \u2013 RID finansowanego ze \u015brodk\u00f3w MNiSW na podstawie umowy nr 025\/RID\/2018\/19 z dnia 28.12.2018r"},"content":{"rendered":"<p><strong><a href=\"https:\/\/bip.tu.kielce.pl\/wp-content\/uploads\/2019\/02\/og\u0142oszenie_komora.pdf\">Og\u0142oszenie<\/a><\/strong><\/p>\n<p><strong><a href=\"https:\/\/bip.tu.kielce.pl\/wp-content\/uploads\/2019\/02\/og\u0142oszenie-UZP.pdf\">Og\u0142oszenie UZP<\/a><\/strong><\/p>\n<p><strong><a href=\"https:\/\/bip.tu.kielce.pl\/wp-content\/uploads\/2019\/02\/SIWZ1-1.pdf\">SIWZ<\/a><\/strong><\/p>\n<ul>\n<li><a href=\"https:\/\/bip.tu.kielce.pl\/wp-content\/uploads\/2019\/02\/Za\u0142\u0105cznik-nr-1-opis.pdf\">Za\u0142\u0105cznik nr 1- opis przedmiotu zam\u00f3wienia<\/a><\/li>\n<li><a href=\"https:\/\/bip.tu.kielce.pl\/wp-content\/uploads\/2019\/02\/Za\u0142\u0105cznik-nr-2_-oferta-2.pdf\">Za\u0142\u0105cznik nr 2 &#8211; formularz oferty<\/a><\/li>\n<li><a href=\"https:\/\/bip.tu.kielce.pl\/wp-content\/uploads\/2019\/02\/Za\u0142\u0105cznik-nr-2_-oferta.docx\">Za\u0142\u0105cznik nr 2 &#8211; formularz oferty <\/a><\/li>\n<li><a href=\"https:\/\/bip.tu.kielce.pl\/wp-content\/uploads\/2019\/02\/Za\u0142\u0105cznik-nr-3_umowa-2.pdf\">Za\u0142\u0105cznik nr 3- wz\u00f3r umowy<\/a><\/li>\n<li><a href=\"https:\/\/bip.tu.kielce.pl\/wp-content\/uploads\/2019\/02\/Za\u0142\u0105cznik-nr-4_os_spe\u0142_warunki-2.pdf\">Za\u0142\u0105cznik nr 4 &#8211; o\u015bwiadczenie dot. spe\u0142nienia warunk\u00f3w udzia\u0142u w post\u0119powaniu<\/a><\/li>\n<li><a href=\"https:\/\/bip.tu.kielce.pl\/wp-content\/uploads\/2019\/02\/Za\u0142\u0105cznik-nr-4_os_spe\u0142_warunki.docx\">Za\u0142\u0105cznik nr 4 &#8211; o\u015bwiadczenie dot. spe\u0142nienia warunk\u00f3w udzia\u0142u w post\u0119powaniu<\/a><\/li>\n<li><a href=\"https:\/\/bip.tu.kielce.pl\/wp-content\/uploads\/2019\/02\/Za\u0142\u0105cznik-nr-5_os_przesl_wykl-2.pdf\">Za\u0142\u0105cznik nr 5 &#8211; o\u015bwiadczenie dot. przes\u0142anek wykluczenia z post\u0119powania<\/a><\/li>\n<li><a href=\"https:\/\/bip.tu.kielce.pl\/wp-content\/uploads\/2019\/02\/Za\u0142\u0105cznik-nr-5_os_przesl_wykl.docx\">Za\u0142\u0105cznik nr 5 &#8211; o\u015bwiadczenie dot. przes\u0142anek wykluczenia z post\u0119powania<\/a><\/li>\n<li><a href=\"https:\/\/bip.tu.kielce.pl\/wp-content\/uploads\/2019\/02\/Za\u0142\u0105cznik-nr-6_wykaz_dostaw-2.pdf\">Za\u0142\u0105cznik nr 6 &#8211; wykaz dostaw<\/a><\/li>\n<li><a href=\"https:\/\/bip.tu.kielce.pl\/wp-content\/uploads\/2019\/02\/Za\u0142\u0105cznik-nr-6_wykaz_dostaw.docx\">Za\u0142\u0105cznik nr 6 &#8211; wykaz dostaw<\/a><\/li>\n<li><a href=\"https:\/\/bip.tu.kielce.pl\/wp-content\/uploads\/2019\/02\/Za\u0142\u0105cznik-nr-7_grupal_kapita\u0142-2.pdf\">Za\u0142\u0105cznik nr 7 &#8211; grupa kapita\u0142owa<\/a><\/li>\n<li><a href=\"https:\/\/bip.tu.kielce.pl\/wp-content\/uploads\/2019\/02\/Za\u0142\u0105cznik-nr-7_grupal_kapita\u0142.docx\">Za\u0142\u0105cznik nr 7 &#8211; grupa kapita\u0142owa<\/a><\/li>\n<li><a href=\"https:\/\/bip.tu.kielce.pl\/wp-content\/uploads\/2019\/02\/Za\u0142\u0105cznik-nr-8_RODO-1.pdf\">Za\u0142\u0105cznik nr 8 &#8211; RODO<\/a><\/li>\n<li><a href=\"https:\/\/bip.tu.kielce.pl\/wp-content\/uploads\/2019\/02\/Za\u0142\u0105cznik-nr-8_RODO.docx\">Za\u0142\u0105cznik nr 8 &#8211; RODO<\/a><\/li>\n<\/ul>\n<p><strong><a href=\"https:\/\/bip.tu.kielce.pl\/wp-content\/uploads\/2019\/02\/informacja-z-otwarci.pdf\">Informacja z otwarcia ofert <\/a><\/strong>&#8211; opublikowano 15.03.2019r.<\/p>\n<p><strong><a href=\"https:\/\/bip.tu.kielce.pl\/wp-content\/uploads\/2019\/02\/wynik_komora.pdf\">Informacja o wyborze najkorzystniejszej oferty<\/a><\/strong> &#8211; opublikowano 26.03.2019r.<\/p>\n","protected":false},"excerpt":{"rendered":"<p>Og\u0142oszenie Og\u0142oszenie UZP SIWZ Za\u0142\u0105cznik nr 1- opis przedmiotu zam\u00f3wienia Za\u0142\u0105cznik nr 2 &#8211; formularz oferty Za\u0142\u0105cznik nr 2 &#8211; formularz oferty Za\u0142\u0105cznik nr 3- wz\u00f3r umowy Za\u0142\u0105cznik nr 4 &#8211; o\u015bwiadczenie dot. spe\u0142nienia warunk\u00f3w udzia\u0142u w post\u0119powaniu Za\u0142\u0105cznik nr &hellip; <a href=\"https:\/\/bip-arch.tu.kielce.pl\/?p=3335\">Czytaj dalej <span class=\"meta-nav\">&rarr;<\/span><\/a><\/p>\n","protected":false},"author":10,"featured_media":0,"comment_status":"closed","ping_status":"closed","sticky":false,"template":"","format":"standard","meta":{"_acf_changed":false,"footnotes":""},"categories":[8],"tags":[],"class_list":["post-3335","post","type-post","status-publish","format-standard","hentry","category-otwarte"],"acf":[],"publishpress_future_action":{"enabled":false,"date":"2026-05-07 02:02:05","action":"change-status","newStatus":"draft","terms":[],"taxonomy":"category"},"publishpress_future_workflow_manual_trigger":{"enabledWorkflows":[]},"_links":{"self":[{"href":"https:\/\/bip-arch.tu.kielce.pl\/index.php?rest_route=\/wp\/v2\/posts\/3335","targetHints":{"allow":["GET"]}}],"collection":[{"href":"https:\/\/bip-arch.tu.kielce.pl\/index.php?rest_route=\/wp\/v2\/posts"}],"about":[{"href":"https:\/\/bip-arch.tu.kielce.pl\/index.php?rest_route=\/wp\/v2\/types\/post"}],"author":[{"embeddable":true,"href":"https:\/\/bip-arch.tu.kielce.pl\/index.php?rest_route=\/wp\/v2\/users\/10"}],"replies":[{"embeddable":true,"href":"https:\/\/bip-arch.tu.kielce.pl\/index.php?rest_route=%2Fwp%2Fv2%2Fcomments&post=3335"}],"version-history":[{"count":0,"href":"https:\/\/bip-arch.tu.kielce.pl\/index.php?rest_route=\/wp\/v2\/posts\/3335\/revisions"}],"wp:attachment":[{"href":"https:\/\/bip-arch.tu.kielce.pl\/index.php?rest_route=%2Fwp%2Fv2%2Fmedia&parent=3335"}],"wp:term":[{"taxonomy":"category","embeddable":true,"href":"https:\/\/bip-arch.tu.kielce.pl\/index.php?rest_route=%2Fwp%2Fv2%2Fcategories&post=3335"},{"taxonomy":"post_tag","embeddable":true,"href":"https:\/\/bip-arch.tu.kielce.pl\/index.php?rest_route=%2Fwp%2Fv2%2Ftags&post=3335"}],"curies":[{"name":"wp","href":"https:\/\/api.w.org\/{rel}","templated":true}]}}