{"id":2172,"date":"2018-09-05T08:45:40","date_gmt":"2018-09-05T06:45:40","guid":{"rendered":"http:\/\/bip.tu.kielce.pl\/?p=2172"},"modified":"2019-01-04T12:58:59","modified_gmt":"2019-01-04T11:58:59","slug":"otwarcie-13-09-2018-dostawa-sprzetu-komputerowego-dla-politechniki-swietokrzyskiej","status":"publish","type":"post","link":"https:\/\/bip-arch.tu.kielce.pl\/?p=2172","title":{"rendered":"Otwarcie 13-09-2018 Dostawa sprz\u0119tu komputerowego dla Politechniki \u015awi\u0119tokrzyskiej"},"content":{"rendered":"<p><a href=\"http:\/\/bip.tu.kielce.pl\/wp-content\/uploads\/2018\/09\/scan-20180904103947-0000.pdf\"><strong>Og\u0142oszenie<\/strong><\/a><\/p>\n<p><a href=\"http:\/\/bip.tu.kielce.pl\/wp-content\/uploads\/2018\/09\/og\u0142oszenie-UZP.pdf\"><strong>Og\u0142oszenie UZP<\/strong><\/a><\/p>\n<p><a href=\"http:\/\/bip.tu.kielce.pl\/wp-content\/uploads\/2018\/09\/SIWZ.pdf\"><strong>SIWZ<\/strong><\/a><\/p>\n<ul>\n<li><a href=\"http:\/\/bip.tu.kielce.pl\/wp-content\/uploads\/2018\/09\/zal_1_opis-przedmiotu_zam\u00f3wienia.pdf\">Za\u0142\u0105cznik nr 1 do SIWZ<\/a><\/li>\n<li><a href=\"http:\/\/bip.tu.kielce.pl\/wp-content\/uploads\/2018\/09\/zal_2_Oferta.pdf\">Za\u0142\u0105cznik nr 2 do SIWZ<\/a><\/li>\n<li><a href=\"http:\/\/bip.tu.kielce.pl\/wp-content\/uploads\/2018\/09\/zal_3_umowa.pdf\">Za\u0142\u0105cznik nr 3 do SIWZ<\/a><\/li>\n<li><a href=\"http:\/\/bip.tu.kielce.pl\/wp-content\/uploads\/2018\/09\/zal_4_os_spe\u0142_warunki.pdf\">Za\u0142\u0105cznik nr 4 do SIWZ<\/a><\/li>\n<li><a href=\"http:\/\/bip.tu.kielce.pl\/wp-content\/uploads\/2018\/09\/zal_5_os_przesl_wykl.pdf\">Za\u0142\u0105cznik nr 5 do SIWZ<\/a><\/li>\n<li><a href=\"http:\/\/bip.tu.kielce.pl\/wp-content\/uploads\/2018\/09\/zal_6_wyk_dostaw.pdf\">Za\u0142\u0105cznik nr 6 do SIWZ<\/a><\/li>\n<li><a href=\"http:\/\/bip.tu.kielce.pl\/wp-content\/uploads\/2018\/09\/zal_7_gr_kapit.pdf\">Za\u0142\u0105cznik nr 7 do SIWZ<\/a><\/li>\n<li><a href=\"http:\/\/bip.tu.kielce.pl\/wp-content\/uploads\/2018\/09\/zal_8_RODO.pdf\">Za\u0142\u0105cznik nr 8 do SIWZ<\/a><\/li>\n<\/ul>\n<p>Opublikowano: 14.09.2018r.<\/p>\n<p><strong><a href=\"http:\/\/bip.tu.kielce.pl\/wp-content\/uploads\/2018\/09\/Zestawienie-ofert-ATZ-29.pdf\">Informacja z otwarcia ofert<\/a><\/strong><\/p>\n<p>Opublikowano: 18.10.2018r.<\/p>\n<p><strong><a href=\"https:\/\/bip.tu.kielce.pl\/wp-content\/uploads\/2018\/09\/wynik_cz_III_IV_V.pdf\">Informacja o rozstrzygni\u0119ciu post\u0119powania w zakresie cz\u0119\u015bci III, IV, V<\/a><\/strong><\/p>\n<p>Opublikowano: 24.10.2018r.<\/p>\n<p><strong><a href=\"https:\/\/bip.tu.kielce.pl\/wp-content\/uploads\/2018\/09\/wynik_cz_I_II.pdf\">Informacja o rozstrzygni\u0119ciu post\u0119powania w zakresie cz\u0119\u015bci I i II<\/a><\/strong><\/p>\n<p>Opublikowano: 02.01.2019r.<\/p>\n<p><strong><a href=\"https:\/\/bip.tu.kielce.pl\/wp-content\/uploads\/2018\/09\/scan-20190102110127-0000.pdf\">Informacja o odst\u0105pieniu od podpisania umowy w zakresie cz\u0119\u015bci IV<\/a><\/strong><\/p>\n<p>&nbsp;<\/p>\n","protected":false},"excerpt":{"rendered":"<p>Og\u0142oszenie Og\u0142oszenie UZP SIWZ Za\u0142\u0105cznik nr 1 do SIWZ Za\u0142\u0105cznik nr 2 do SIWZ Za\u0142\u0105cznik nr 3 do SIWZ Za\u0142\u0105cznik nr 4 do SIWZ Za\u0142\u0105cznik nr 5 do SIWZ Za\u0142\u0105cznik nr 6 do SIWZ Za\u0142\u0105cznik nr 7 do SIWZ Za\u0142\u0105cznik &hellip; <a href=\"https:\/\/bip-arch.tu.kielce.pl\/?p=2172\">Czytaj dalej <span class=\"meta-nav\">&rarr;<\/span><\/a><\/p>\n","protected":false},"author":10,"featured_media":0,"comment_status":"closed","ping_status":"closed","sticky":false,"template":"","format":"standard","meta":{"_acf_changed":false,"footnotes":""},"categories":[8,9],"tags":[],"class_list":["post-2172","post","type-post","status-publish","format-standard","hentry","category-otwarte","category-zamkniete"],"acf":[],"publishpress_future_action":{"enabled":false,"date":"2026-05-09 14:56:06","action":"change-status","newStatus":"draft","terms":[],"taxonomy":"category"},"publishpress_future_workflow_manual_trigger":{"enabledWorkflows":[]},"_links":{"self":[{"href":"https:\/\/bip-arch.tu.kielce.pl\/index.php?rest_route=\/wp\/v2\/posts\/2172","targetHints":{"allow":["GET"]}}],"collection":[{"href":"https:\/\/bip-arch.tu.kielce.pl\/index.php?rest_route=\/wp\/v2\/posts"}],"about":[{"href":"https:\/\/bip-arch.tu.kielce.pl\/index.php?rest_route=\/wp\/v2\/types\/post"}],"author":[{"embeddable":true,"href":"https:\/\/bip-arch.tu.kielce.pl\/index.php?rest_route=\/wp\/v2\/users\/10"}],"replies":[{"embeddable":true,"href":"https:\/\/bip-arch.tu.kielce.pl\/index.php?rest_route=%2Fwp%2Fv2%2Fcomments&post=2172"}],"version-history":[{"count":0,"href":"https:\/\/bip-arch.tu.kielce.pl\/index.php?rest_route=\/wp\/v2\/posts\/2172\/revisions"}],"wp:attachment":[{"href":"https:\/\/bip-arch.tu.kielce.pl\/index.php?rest_route=%2Fwp%2Fv2%2Fmedia&parent=2172"}],"wp:term":[{"taxonomy":"category","embeddable":true,"href":"https:\/\/bip-arch.tu.kielce.pl\/index.php?rest_route=%2Fwp%2Fv2%2Fcategories&post=2172"},{"taxonomy":"post_tag","embeddable":true,"href":"https:\/\/bip-arch.tu.kielce.pl\/index.php?rest_route=%2Fwp%2Fv2%2Ftags&post=2172"}],"curies":[{"name":"wp","href":"https:\/\/api.w.org\/{rel}","templated":true}]}}