{"id":1853,"date":"2018-07-16T15:33:33","date_gmt":"2018-07-16T13:33:33","guid":{"rendered":"http:\/\/bip.tu.kielce.pl\/?p=1853"},"modified":"2018-10-19T10:51:20","modified_gmt":"2018-10-19T08:51:20","slug":"otwarcie-5-09-2018-r-dostawa-zestawu-sluzacego-do-okreslania-wskaznikow-mikroklimatu-z-miernikami-wraz-z-oprogramowaniem-do-rejestracji-wartosci-mierzonych-oprogramowania-do-symulacji-komputerowych","status":"publish","type":"post","link":"https:\/\/bip-arch.tu.kielce.pl\/?p=1853","title":{"rendered":"Otwarcie 5.09.2018 r. Dostawa Zestawu s\u0142u\u017c\u0105cego do okre\u015blania wska\u017anik\u00f3w mikroklimatu z miernikami wraz z oprogramowaniem do rejestracji warto\u015bci mierzonych; Oprogramowania do symulacji komputerowych CFD (numeryczna mechanika p\u0142yn\u00f3w) \u2013 analizy cieplno- przep\u0142ywowe ze stacj\u0105 robocz\u0105 dla Laboratorium Prototypowania i Eksploatacji Technologii i Instalacji OZE Politechniki \u015awi\u0119tokrzyskiej  w ramach realizacji projektu pn.: \u201eCENWIS \u2013 Centrum Naukowo\u2013Wdro\u017ceniowe Inteligentnych Specjalizacji Regionu \u015awi\u0119tokrzyskiego\u201d [Umowa nr RPSW.01.01.00-26-0001\/17-00] wsp\u00f3\u0142finansowanego z Europejskiego Funduszu Rozwoju Regionalnego w ramach Regionalnego Programu Operacyjnego Wojew\u00f3dztwa \u015awi\u0119tokrzyskiego na lata 2014\u00f72020 [O\u015b Priorytetowa 1: \u201eInnowacje i Nauka\u201d Dzia\u0142anie 1.1. \u201eWsparcie Infrastruktury B+R\u201d]"},"content":{"rendered":"<p><strong><a href=\"http:\/\/bip.tu.kielce.pl\/wp-content\/uploads\/2018\/07\/Og\u0142oszenie-2.pdf\">Og\u0142oszenie<\/a><\/strong><\/p>\n<p><strong><a href=\"http:\/\/bip.tu.kielce.pl\/wp-content\/uploads\/2018\/07\/SIWZ-1.pdf\">SIWZ<\/a><\/strong><\/p>\n<ul>\n<li><a href=\"http:\/\/bip.tu.kielce.pl\/wp-content\/uploads\/2018\/07\/Za\u0142\u0105cznik-nr-1-do-SIWZ-1.pdf\">Za\u0142\u0105cznik nr 1 do SIWZ<\/a><\/li>\n<li><a href=\"http:\/\/bip.tu.kielce.pl\/wp-content\/uploads\/2018\/07\/Za\u0142\u0105cznik-nr-2-do-SIWZ-1.docx\">Za\u0142\u0105cznik nr 2 do SIWZ<\/a><\/li>\n<li><a href=\"http:\/\/bip.tu.kielce.pl\/wp-content\/uploads\/2018\/07\/Za\u0142\u0105cznik-nr-3-do-SIWZ-1.pdf\">Za\u0142\u0105cznik nr 3 do SIWZ<\/a><\/li>\n<li><a href=\"http:\/\/bip.tu.kielce.pl\/wp-content\/uploads\/2018\/07\/Za\u0142\u0105cznik-nr-4-do-SIWZ-JEDZ-1.docx\">Za\u0142\u0105cznik nr 4 do SIWZ-JEDZ<\/a><\/li>\n<li><a href=\"http:\/\/bip.tu.kielce.pl\/wp-content\/uploads\/2018\/07\/Za\u0142\u0105cznik-nr-5-do-SIWZ.docx\">Za\u0142\u0105cznik nr 5 do SIWZ<\/a><\/li>\n<li><a href=\"http:\/\/bip.tu.kielce.pl\/wp-content\/uploads\/2018\/07\/Za\u0142\u0105cznik-nr-6-do-SIWZ-1.doc\">Za\u0142\u0105cznik nr 6 do SIWZ<\/a><\/li>\n<li><a href=\"http:\/\/bip.tu.kielce.pl\/wp-content\/uploads\/2018\/07\/Za\u0142\u0105cznik-nr-7-do-SIWZ-1-1.pdf\">Za\u0142\u0105cznik nr 7 do SIWZ<\/a><\/li>\n<li><a href=\"http:\/\/bip.tu.kielce.pl\/wp-content\/uploads\/2018\/07\/Za\u0142\u0105cznik-nr-8.docx\">Za\u0142\u0105cznik nr 8<\/a><\/li>\n<\/ul>\n<p><strong><a href=\"http:\/\/bip.tu.kielce.pl\/wp-content\/uploads\/2018\/08\/Odpowiedzi.pdf\">Odpowiedzi<\/a><\/strong><\/p>\n<p>Opublikowane 6.09.2018 r.<\/p>\n<p><a href=\"http:\/\/bip.tu.kielce.pl\/wp-content\/uploads\/2018\/09\/informacja-z-otwarcia.pdf\"><strong>Informacja<\/strong> <strong>z otwarcia ofert<\/strong><\/a><\/p>\n<p>Opublikowane 19.10.2018 r.<\/p>\n<p><strong><a href=\"https:\/\/bip.tu.kielce.pl\/wp-content\/uploads\/2018\/10\/Informacja-o-wyborze-najkorzystniejszej-oferty-oraz-o-uniewa\u017cnieniu-cz\u0119\u015bci-I.pdf\">Informacja o wyborze najkorzystniejszej oferty oraz o uniewa\u017cnieniu cz\u0119\u015bci I<\/a><\/strong><\/p>\n","protected":false},"excerpt":{"rendered":"<p>Og\u0142oszenie SIWZ Za\u0142\u0105cznik nr 1 do SIWZ Za\u0142\u0105cznik nr 2 do SIWZ Za\u0142\u0105cznik nr 3 do SIWZ Za\u0142\u0105cznik nr 4 do SIWZ-JEDZ Za\u0142\u0105cznik nr 5 do SIWZ Za\u0142\u0105cznik nr 6 do SIWZ Za\u0142\u0105cznik nr 7 do SIWZ Za\u0142\u0105cznik nr 8 &hellip; <a href=\"https:\/\/bip-arch.tu.kielce.pl\/?p=1853\">Czytaj dalej <span class=\"meta-nav\">&rarr;<\/span><\/a><\/p>\n","protected":false},"author":14,"featured_media":0,"comment_status":"closed","ping_status":"closed","sticky":false,"template":"","format":"standard","meta":{"_acf_changed":false,"footnotes":""},"categories":[9],"tags":[],"class_list":["post-1853","post","type-post","status-publish","format-standard","hentry","category-zamkniete"],"acf":[],"publishpress_future_action":{"enabled":false,"date":"2026-05-07 02:02:05","action":"change-status","newStatus":"draft","terms":[],"taxonomy":"category"},"publishpress_future_workflow_manual_trigger":{"enabledWorkflows":[]},"_links":{"self":[{"href":"https:\/\/bip-arch.tu.kielce.pl\/index.php?rest_route=\/wp\/v2\/posts\/1853","targetHints":{"allow":["GET"]}}],"collection":[{"href":"https:\/\/bip-arch.tu.kielce.pl\/index.php?rest_route=\/wp\/v2\/posts"}],"about":[{"href":"https:\/\/bip-arch.tu.kielce.pl\/index.php?rest_route=\/wp\/v2\/types\/post"}],"author":[{"embeddable":true,"href":"https:\/\/bip-arch.tu.kielce.pl\/index.php?rest_route=\/wp\/v2\/users\/14"}],"replies":[{"embeddable":true,"href":"https:\/\/bip-arch.tu.kielce.pl\/index.php?rest_route=%2Fwp%2Fv2%2Fcomments&post=1853"}],"version-history":[{"count":0,"href":"https:\/\/bip-arch.tu.kielce.pl\/index.php?rest_route=\/wp\/v2\/posts\/1853\/revisions"}],"wp:attachment":[{"href":"https:\/\/bip-arch.tu.kielce.pl\/index.php?rest_route=%2Fwp%2Fv2%2Fmedia&parent=1853"}],"wp:term":[{"taxonomy":"category","embeddable":true,"href":"https:\/\/bip-arch.tu.kielce.pl\/index.php?rest_route=%2Fwp%2Fv2%2Fcategories&post=1853"},{"taxonomy":"post_tag","embeddable":true,"href":"https:\/\/bip-arch.tu.kielce.pl\/index.php?rest_route=%2Fwp%2Fv2%2Ftags&post=1853"}],"curies":[{"name":"wp","href":"https:\/\/api.w.org\/{rel}","templated":true}]}}