{"id":1822,"date":"2018-07-04T14:35:34","date_gmt":"2018-07-04T12:35:34","guid":{"rendered":"http:\/\/bip.tu.kielce.pl\/?p=1822"},"modified":"2018-09-27T15:10:09","modified_gmt":"2018-09-27T13:10:09","slug":"otwarcie-10-08-2018r-dostawa-aparatury-naukowo-badawczej-platformy-badawczej-nano-i-mikrotwardosciomierz-nano-i-mikroscratchtester-nanotribometra-mikroskopu-nastolowego-sem-z-mozliwoscia-ana","status":"publish","type":"post","link":"https:\/\/bip-arch.tu.kielce.pl\/?p=1822","title":{"rendered":"Otwarcie 04.09.2018r. Dostawa aparatury naukowo-badawczej: Platformy badawczej: nano-  i mikrotwardo\u015bciomierz, nano- i mikroscratchtester; Nanotribometra; Mikroskopu nasto\u0142owego SEM  z mo\u017cliwo\u015bci\u0105 analizy wielko\u015bci nanocz\u0105stek; Reflektometra i Kalotestera; Tribometra; Zestawu do preparatyki pr\u00f3bek; Mikroskopu konfokalnego dla Laboratorium Zaawansowanych Nanotechnologii i Nanomateria\u0142\u00f3w Politechniki \u015awi\u0119tokrzyskiej  w ramach realizacji projektu pn.: \u201eCENWIS \u2013 Centrum Naukowo\u2013Wdro\u017ceniowe Inteligentnych Specjalizacji Regionu \u015awi\u0119tokrzyskiego\u201d [Umowa nr RPSW.01.01.00-26-0001\/17-00] wsp\u00f3\u0142finansowanego z Europejskiego Funduszu Rozwoju Regionalnego w ramach Regionalnego Programu Operacyjnego Wojew\u00f3dztwa \u015awi\u0119tokrzyskiego na lata 2014\u00f72020 [O\u015b Priorytetowa 1: \u201eInnowacje i Nauka\u201d Dzia\u0142anie 1.1. \u201eWsparcie Infrastruktury B+R\u201d]"},"content":{"rendered":"<p><span style=\"color: #0000ff;\"><strong><em>Zmiana terminu otwarcia ofert z 10.08.2018 r. na 04.09.2018 r.<\/em><\/strong><\/span><\/p>\n<p><a href=\"http:\/\/bip.tu.kielce.pl\/wp-content\/uploads\/2018\/07\/Og\u0142oszenie-1.pdf\">Og\u0142oszenie<\/a><\/p>\n<p><a href=\"http:\/\/bip.tu.kielce.pl\/wp-content\/uploads\/2018\/07\/SIWZ-.pdf\">SIWZ<\/a><\/p>\n<ul>\n<li><a href=\"http:\/\/bip.tu.kielce.pl\/wp-content\/uploads\/2018\/07\/Za\u0142\u0105cznik-nr-1-do-SIWZ.pdf\">Za\u0142\u0105cznik nr 1 do SIWZ<\/a><\/li>\n<li><a href=\"http:\/\/bip.tu.kielce.pl\/wp-content\/uploads\/2018\/07\/Za\u0142\u0105cznik-nr-2-do-SIWZ.docx\">Za\u0142\u0105cznik nr 2 do SIWZ<\/a><\/li>\n<li><a href=\"http:\/\/bip.tu.kielce.pl\/wp-content\/uploads\/2018\/07\/Za\u0142\u0105cznik-nr-3-do-SIWZ.pdf\">Za\u0142\u0105cznik nr 3 do SIWZ<\/a><\/li>\n<li><a href=\"http:\/\/bip.tu.kielce.pl\/wp-content\/uploads\/2018\/07\/Za\u0142\u0105cznik-nr-4-do-SIWZ-JEDZ.docx\">Za\u0142\u0105cznik nr 4 do SIWZ-JEDZ<\/a><\/li>\n<li><a href=\"http:\/\/bip.tu.kielce.pl\/wp-content\/uploads\/2018\/07\/Za\u0142\u0105cznik-nr-5-do-SIWZ-.docx\">Za\u0142\u0105cznik nr 5 do SIWZ<\/a><\/li>\n<li><a href=\"http:\/\/bip.tu.kielce.pl\/wp-content\/uploads\/2018\/07\/Za\u0142\u0105cznik-nr-6-do-SIWZ.doc\">Za\u0142\u0105cznik nr 6 do SIWZ<\/a><\/li>\n<li><a href=\"http:\/\/bip.tu.kielce.pl\/wp-content\/uploads\/2018\/08\/Za\u0142\u0105cznik-nr-7-do-SIWZpo-przed\u0142u\u017ceniu-.pdf\">Za\u0142\u0105cznik nr 7 do SIWZ<\/a><\/li>\n<li><a href=\"http:\/\/bip.tu.kielce.pl\/wp-content\/uploads\/2018\/07\/Za\u0142\u0105cznik-nr-8-do-SIWZ_Klauzula_oswiadczenie_od_wykonawcy.docx\">Za\u0142\u0105cznik nr 8 do SIWZ<\/a><\/li>\n<\/ul>\n<p>Opublikowano 10.07.2018 r.<\/p>\n<p><a href=\"http:\/\/bip.tu.kielce.pl\/wp-content\/uploads\/2018\/07\/Modyfikacja-SIWZ.pdf\">Modyfikacja SIWZ<\/a><\/p>\n<ul>\n<li><a href=\"http:\/\/bip.tu.kielce.pl\/wp-content\/uploads\/2018\/07\/SIWZpo-modyfikacji-.pdf\">SIWZ po modyfikacji<\/a><\/li>\n<li><a href=\"http:\/\/bip.tu.kielce.pl\/wp-content\/uploads\/2018\/07\/Za\u0142\u0105cznik-nr-2-do-SIWZ-po-modyfikacji.docx\">Za\u0142\u0105cznik nr 2 do SIWZ po modyfikacji<\/a><\/li>\n<\/ul>\n<p>Opublikowano 31.07.2018 r.<\/p>\n<p><a href=\"http:\/\/bip.tu.kielce.pl\/wp-content\/uploads\/2018\/08\/Odpowiedzi-zmiana-SIWZ.pdf\"><strong>Odpowiedzi, zmiana SIWZ<\/strong><\/a><\/p>\n<ul>\n<li><a href=\"http:\/\/bip.tu.kielce.pl\/wp-content\/uploads\/2018\/07\/Zmieniony-opis-przedmiotu-zam\u00f3wienia-w-zakresie-cz\u0119\u015bci-7.pdf\">Zmieniony opis przedmiotu zam\u00f3wienia w zakresie cz\u0119\u015bci 7<\/a><\/li>\n<li><a href=\"http:\/\/bip.tu.kielce.pl\/wp-content\/uploads\/2018\/07\/SIWZ-po-modyfikacji-.pdf\">SIWZ po modyfikacji<\/a><\/li>\n<\/ul>\n<p>Opublikowano 2.08.2018 r.<\/p>\n<p><a href=\"http:\/\/bip.tu.kielce.pl\/wp-content\/uploads\/2018\/08\/Og\u0142oszenie-zmian.pdf\">Og\u0142oszenie zmian Dz.Urz. UE<\/a><\/p>\n<p>Opublikowano 4.09.2018 r.<\/p>\n<p><a href=\"http:\/\/bip.tu.kielce.pl\/wp-content\/uploads\/2018\/09\/Informacja-z-otwarcia-ofert.pdf\">Informacja z otwarcia ofert<\/a><\/p>\n<p>Opublikowano 27.09.2018 r.<\/p>\n<p><a href=\"http:\/\/bip.tu.kielce.pl\/wp-content\/uploads\/2018\/09\/Informacja-o-wyborze-najkorzystniejszej-oferty.pdf\">Informacja o wyborze najkorzystniejszej oferty<\/a><\/p>\n","protected":false},"excerpt":{"rendered":"<p>Zmiana terminu otwarcia ofert z 10.08.2018 r. na 04.09.2018 r. Og\u0142oszenie SIWZ Za\u0142\u0105cznik nr 1 do SIWZ Za\u0142\u0105cznik nr 2 do SIWZ Za\u0142\u0105cznik nr 3 do SIWZ Za\u0142\u0105cznik nr 4 do SIWZ-JEDZ Za\u0142\u0105cznik nr 5 do SIWZ Za\u0142\u0105cznik nr 6 &hellip; <a href=\"https:\/\/bip-arch.tu.kielce.pl\/?p=1822\">Czytaj dalej <span class=\"meta-nav\">&rarr;<\/span><\/a><\/p>\n","protected":false},"author":14,"featured_media":0,"comment_status":"closed","ping_status":"closed","sticky":false,"template":"","format":"standard","meta":{"_acf_changed":false,"footnotes":""},"categories":[9],"tags":[],"class_list":["post-1822","post","type-post","status-publish","format-standard","hentry","category-zamkniete"],"acf":[],"publishpress_future_action":{"enabled":false,"date":"2026-05-09 13:28:15","action":"change-status","newStatus":"draft","terms":[],"taxonomy":"category"},"publishpress_future_workflow_manual_trigger":{"enabledWorkflows":[]},"_links":{"self":[{"href":"https:\/\/bip-arch.tu.kielce.pl\/index.php?rest_route=\/wp\/v2\/posts\/1822","targetHints":{"allow":["GET"]}}],"collection":[{"href":"https:\/\/bip-arch.tu.kielce.pl\/index.php?rest_route=\/wp\/v2\/posts"}],"about":[{"href":"https:\/\/bip-arch.tu.kielce.pl\/index.php?rest_route=\/wp\/v2\/types\/post"}],"author":[{"embeddable":true,"href":"https:\/\/bip-arch.tu.kielce.pl\/index.php?rest_route=\/wp\/v2\/users\/14"}],"replies":[{"embeddable":true,"href":"https:\/\/bip-arch.tu.kielce.pl\/index.php?rest_route=%2Fwp%2Fv2%2Fcomments&post=1822"}],"version-history":[{"count":0,"href":"https:\/\/bip-arch.tu.kielce.pl\/index.php?rest_route=\/wp\/v2\/posts\/1822\/revisions"}],"wp:attachment":[{"href":"https:\/\/bip-arch.tu.kielce.pl\/index.php?rest_route=%2Fwp%2Fv2%2Fmedia&parent=1822"}],"wp:term":[{"taxonomy":"category","embeddable":true,"href":"https:\/\/bip-arch.tu.kielce.pl\/index.php?rest_route=%2Fwp%2Fv2%2Fcategories&post=1822"},{"taxonomy":"post_tag","embeddable":true,"href":"https:\/\/bip-arch.tu.kielce.pl\/index.php?rest_route=%2Fwp%2Fv2%2Ftags&post=1822"}],"curies":[{"name":"wp","href":"https:\/\/api.w.org\/{rel}","templated":true}]}}